{"id":9958,"date":"2021-06-26T20:27:00","date_gmt":"2021-06-26T23:27:00","guid":{"rendered":"http:\/\/oasisfm935.com\/site\/?p=9958"},"modified":"2021-06-26T20:29:06","modified_gmt":"2021-06-26T23:29:06","slug":"covid-salud-detecto-272-casos-en-la-pampa-3-en-ingeniero-luiggi","status":"publish","type":"post","link":"https:\/\/oasisfm935.com.ar\/site\/covid-salud-detecto-272-casos-en-la-pampa-3-en-ingeniero-luiggi\/","title":{"rendered":"COVID: Salud detect\u00f3 272 casos en La Pampa, 3 en Ingeniero Luiggi."},"content":{"rendered":"<p>El Gobierno de la provincia de La Pampa, a trav\u00e9s del Ministerio de Salud, comunic\u00f3 que en horas de la tarde del d\u00eda 26 de junio concluy\u00f3 el procesamiento de 989 muestras en los laboratorios de la Direcci\u00f3n de Epidemiolog\u00eda y del Establecimiento Asistencial Gobernador Centeno y Lucio Molas, como as\u00ed tambi\u00e9n en los diferentes Centros de Salud que analizan test de ant\u00edgenos, de las cuales 272\u00a0 resultaron positivas para COVID-19.<\/p>\n<div class=\"nota-detalle-cuerpo\"><strong>De ellas, 103 corresponden a residentes en Santa Rosa, 35 en General Pico, 28 en General Acha, 21 en Toay, 11 en Victorica, 10 en La Adela, 8 en Intendente Alvear, 7 en Luan Toro, 6 en Conhello, 6 en La Humada, 4 en Eduardo Castex, 4 en Colonia Bar\u00f3n, 4 en Lonquimay, 3 en Catril\u00f3, 3 en Guatrach\u00e9, 3 en Ataliva Roca, 3 en Ingeniero Luiggi, 2 en Macach\u00edn, 2 en Trenel, 2 en Bernardo Larroud\u00e9, 2 en Anguil, 1 en Realic\u00f3, 1 en Parera, 1 en Santa Isabel, 1 en Doblas, 1 en Bernasconi<\/strong>.<\/div>\n<div class=\"nota-detalle-cuerpo\">De los 272 casos confirmados en la tarde de hoy, 88 se encontraban aislados por ser considerados contactos estrechos. Debido a la rapidez del diagn\u00f3stico por ant\u00edgenos, a\u00fan se contin\u00faa desarrollando la investigaci\u00f3n epidemiol\u00f3gica de 184 casos.<br \/>\nDe 989 muestras analizadas en toda la Provincia, 790 fueron por test r\u00e1pidos y 199\u00a0 por PCR.<strong>Aclaraci\u00f3n sobre la carga de casos:<\/strong><br \/>\nExiste una diferencia de casos confirmados entre el Reporte Provincial y el Nacional ya que se asisten y notifican pacientes que viven en otras provincias\u00a0 que tienen domicilio legal (el que figura en el DNI) en la provincia de La Pampa.<\/p>\n<p><strong>B\u00fasqueda activa\u00a0<\/strong><br \/>\nLa estrategia de b\u00fasqueda activa con diagn\u00f3stico por ant\u00edgenos lleva entrevistados 108.758 ciudadanos.<\/p>\n<p><strong>Test r\u00e1pidos<\/strong><br \/>\nSanta Rosa\u00a0 363-98<br \/>\nGeneral Pico\u00a0 \u00a086-24<br \/>\nAtaliva Roca 8-3<br \/>\nAlta Italia 5-0<br \/>\nAnguil 4-2<br \/>\nArata 1-0<br \/>\nBernasconi 5-0<br \/>\nColonia Bar\u00f3n 14-4<br \/>\nConhello 10-6<br \/>\nDoblas\u00a0 1-1<br \/>\nEduardo Castex 17-4<br \/>\nGeneral Acha 64-25<br \/>\nGuatrach\u00e9 15-3<br \/>\nIntendente Alvear 17-8<br \/>\nIngeniero Luiggi 5-3<br \/>\nLa Adela 16-10<br \/>\nLa Humada 7-6<br \/>\nBernardo Larroud\u00e9 11-2<br \/>\nLonquimay 6-4<br \/>\nLuan Toro 14-7<br \/>\nMacach\u00edn 9-2<br \/>\nParera 4-1<br \/>\nRancul 8-0<br \/>\nRealic\u00f3 11-1<br \/>\nToay 38-19<br \/>\nTrenel 10-2<br \/>\nVictorica 25-11<br \/>\nMauricio Mayer 2-0<\/p>\n<p><strong>Nuevos puestos de detecci\u00f3n COVID en Santa Rosa<\/strong><br \/>\nTotal de test: 81 hisopados<br \/>\nPositivos: 23 hisopados<br \/>\nNegativos: 58 hisopados<\/p>\n<p><strong>M\u00f3vil 1 &#8211; Domicilios<\/strong><br \/>\n5 hisopados<br \/>\n4 negativos<br \/>\n1 positivo<\/p>\n<p><strong>M\u00f3vil Barrio Congreso<\/strong><br \/>\n6 hisopados<br \/>\n5 negativos<br \/>\n1 positivo<\/p>\n<p><strong>Puesto Ciudad Judicial<\/strong><br \/>\n17 hisopados<br \/>\n6 positivos<br \/>\n11 negativos<\/p>\n<p><strong>Puesto Terminal de \u00d3mnibus<\/strong><br \/>\n53 hisopados<br \/>\n15\u00a0 positivos<br \/>\n38 negativos<\/p>\n<p><strong>Situaci\u00f3n provincial\u00a0<\/strong><br \/>\nDesde el inicio de la pandemia, en la Provincia, se registraron un total de 52.098 casos positivos para COVID-19, de los cuales 2.743\u00a0 permanecen activos, 707 han fallecido y 48.648\u00a0 se han recuperado, 193 en el d\u00eda de hoy.<br \/>\nLos casos confirmados activos pertenecen\u00a0 a las siguientes localidades:\u00a0 887 en Santa Rosa, 488 en General Pico, 182 en Toay, 120 en Eduardo Castex, 108 en Victorica, 85 en Catril\u00f3, 77 en General Acha, 57 en 25 de Mayo, 52 en Macach\u00edn, 51 en Tel\u00e9n, 46 en Realico, 39 en Trenel, 34 en Parera, 30 en Colonia Bar\u00f3n, 30 en La Adela, 27 en Lonquimay, 27 en Intendente Alvear, 26 en Miguel Riglos, 23 en Guatrach\u00e9, 22 en Jacinto Arauz, 21 en Santa Isabel, 20 en Bernardo Larroud\u00e9, 19 en Arata, 19 en Quem\u00fa Quem\u00fa, 18 en Anguil, 17 en General Manuel J. Campos, 15 en Ataliva Roca, 14 en Rancul, 13 en Conhello, 12 en Alpachiri, 12 en Ingeniero Luiggi, 11 en Dorila, 11 en Speluzzi, 11 en Luan Toro, 10 en Mauricio Mayer, 9 en General San Martin, 8 en Uriburu, 7 en Colonia Santa Teresa, 7 en Limay Mahuida, 6 en Quetrequ\u00e9n, 6 en La Reforma, 6 en La Humada, 5 en Winifreda, 5 en Abramo, 4 en Alta Italia, 4 en Embajador Martini, 4 en La Maruja, 4 en Cereales, 4 en Quehu\u00e9, 4 en Puel\u00e9n, 4 en Tom\u00e1s M. de Anchorena, 4 en Doblas, 4 en Bernasconi, 3 en Caleuf\u00fa, 3 en Puelches, 2 en Monte Nievas, 2 en Coronel Hilario Lagos, 1 en V\u00e9rtiz, 1 en Miguel Can\u00e9, 1 en Chacharramendi, 1 en Gobernador Duval.<br \/>\nAl d\u00eda de la fecha se encuentran aisladas un total de 5.997 personas en toda la Provincia.<\/p>\n<p><strong>Personas internadas<\/strong><br \/>\nSe encuentran internadas 168 personas confirmadas para COVID-19. En General Pico 22 personas internadas, de ellos 9 en modulares y 13 en terapia intensiva. En (CEAR-Modulares) de Santa Rosa se encuentran internadas 38 personas, de ellas 17 en UTI CEAR, 10 en cl\u00ednica m\u00e9dica y 11 modular. En cl\u00ednica m\u00e9dica de subsector privado 9 pacientes. En UTI 1 se encuentran 5 pacientes internados. En UTI 2 se encuentran internados 5 pacientes. En\u00a0 UTI 3, 9 pacientes internados. En UTI 4 se encuentran internados 2 pacientes.. En UTI del subsector privado 6 pacientes.\u00a0 En el Hospital Evita 9 internados en cl\u00ednica m\u00e9dica. Y en el interior de la Provincia se encuentran internados en cl\u00ednica m\u00e9dica:<br \/>\nHospital de General Acha: 6 internados<br \/>\nHospital de Eduardo Castex: 4 internados<br \/>\nHospital de Ingeniero Luiggi: 2 internados<br \/>\nHospital de Toay: 6 internados<br \/>\nHospital de Victorica: 5 internados.<br \/>\nHospital de 25 de Mayo: 2 internados.<br \/>\nHospital de Realic\u00f3: 3 internados<br \/>\nHospital de Caleuf\u00fa: 1 internado<br \/>\nHospital de Parera: 2 internados<br \/>\nHospital de Colonia Bar\u00f3n: 5 internados.<br \/>\nHospital de Trenel: 4 internados<br \/>\nHospital de Rancul: 3 internados<br \/>\nHospital de Intendente Alvear: 3 internados<br \/>\nHospital de Quem\u00fa Quem\u00fa: 2 internados<br \/>\nHospital de Macach\u00edn: 5 internados<br \/>\nHospital de Jacinto Arauz: 2 internados<br \/>\nHospital de Miguel Riglos: 1 internado<br \/>\nHospital de Catril\u00f3: 5 internados<br \/>\nHospital de Rol\u00f3n: 1 internado<br \/>\nHospital de Guatrach\u00e9: 1 internado<\/p>\n<p><strong>Ocupaci\u00f3n de camas UTI:\u00a0<\/strong><br \/>\nAl d\u00eda de la fecha\u00a0 la provincia de La Pampa cuenta con 139 unidades de terapia.<br \/>\n&#8211; 83 UTI adultos COVID-19,\u00a0 de las cuales 57 se encuentran ocupadas<br \/>\n&#8211; 56 UTI no COVID-19,\u00a0 de las cuales 35 se encuentran ocupadas<br \/>\nEl porcentaje de ocupaci\u00f3n de camas de terapia intensiva en la Provincia es del\u00a0 66.18% (corte de la informaci\u00f3n realizado a las 18)<\/p>\n<p><strong>Fallecidos<\/strong><br \/>\nHasta el momento del cierre del parte diario se informaron 3 fallecimientos<br \/>\n&#8211; Persona residente en General Pico, sexo masculino, 40 a\u00f1os<br \/>\n&#8211; Persona residente en Alta Italia, sexo femenino, 79 a\u00f1os<br \/>\n&#8211; Persona residente en Trenel, sexo femenino, 87 a\u00f1os<\/p>\n<\/div>\n<footer>\n<div class=\"row\">\n<div class=\"col-md-12 col-xs-12\"><\/div>\n<\/div>\n<\/footer>\n<div class=\"oasis-despues-del-contenido\" id=\"oasis-2189858454\"><img loading=\"lazy\" decoding=\"async\" src=\"https:\/\/oasisfm935.com.ar\/site\/wp-content\/uploads\/2020\/08\/47806202-8741-49f2-a5c9-d2f930e5baa1.jpg\" alt=\"\"  srcset=\"https:\/\/oasisfm935.com.ar\/site\/wp-content\/uploads\/2020\/08\/47806202-8741-49f2-a5c9-d2f930e5baa1.jpg 1080w, https:\/\/oasisfm935.com.ar\/site\/wp-content\/uploads\/2020\/08\/47806202-8741-49f2-a5c9-d2f930e5baa1-300x300.jpg 300w, https:\/\/oasisfm935.com.ar\/site\/wp-content\/uploads\/2020\/08\/47806202-8741-49f2-a5c9-d2f930e5baa1-1024x1024.jpg 1024w, https:\/\/oasisfm935.com.ar\/site\/wp-content\/uploads\/2020\/08\/47806202-8741-49f2-a5c9-d2f930e5baa1-150x150.jpg 150w, https:\/\/oasisfm935.com.ar\/site\/wp-content\/uploads\/2020\/08\/47806202-8741-49f2-a5c9-d2f930e5baa1-768x768.jpg 768w\" sizes=\"(max-width: 1080px) 100vw, 1080px\" class=\"no-lazyload\" width=\"1080\" height=\"1080\"  style=\"display: inline-block;\" \/><\/div>","protected":false},"excerpt":{"rendered":"<p>El Gobierno de la provincia de La Pampa, a trav\u00e9s del Ministerio de Salud, comunic\u00f3 que en horas de la tarde del<\/p>\n","protected":false},"author":4,"featured_media":9960,"comment_status":"closed","ping_status":"open","sticky":false,"template":"","format":"standard","meta":{"colormag_page_layout":"default_layout","footnotes":""},"categories":[2],"tags":[],"class_list":["post-9958","post","type-post","status-publish","format-standard","has-post-thumbnail","hentry","category-noticias"],"_links":{"self":[{"href":"https:\/\/oasisfm935.com.ar\/site\/wp-json\/wp\/v2\/posts\/9958","targetHints":{"allow":["GET"]}}],"collection":[{"href":"https:\/\/oasisfm935.com.ar\/site\/wp-json\/wp\/v2\/posts"}],"about":[{"href":"https:\/\/oasisfm935.com.ar\/site\/wp-json\/wp\/v2\/types\/post"}],"author":[{"embeddable":true,"href":"https:\/\/oasisfm935.com.ar\/site\/wp-json\/wp\/v2\/users\/4"}],"replies":[{"embeddable":true,"href":"https:\/\/oasisfm935.com.ar\/site\/wp-json\/wp\/v2\/comments?post=9958"}],"version-history":[{"count":2,"href":"https:\/\/oasisfm935.com.ar\/site\/wp-json\/wp\/v2\/posts\/9958\/revisions"}],"predecessor-version":[{"id":9961,"href":"https:\/\/oasisfm935.com.ar\/site\/wp-json\/wp\/v2\/posts\/9958\/revisions\/9961"}],"wp:featuredmedia":[{"embeddable":true,"href":"https:\/\/oasisfm935.com.ar\/site\/wp-json\/wp\/v2\/media\/9960"}],"wp:attachment":[{"href":"https:\/\/oasisfm935.com.ar\/site\/wp-json\/wp\/v2\/media?parent=9958"}],"wp:term":[{"taxonomy":"category","embeddable":true,"href":"https:\/\/oasisfm935.com.ar\/site\/wp-json\/wp\/v2\/categories?post=9958"},{"taxonomy":"post_tag","embeddable":true,"href":"https:\/\/oasisfm935.com.ar\/site\/wp-json\/wp\/v2\/tags?post=9958"}],"curies":[{"name":"wp","href":"https:\/\/api.w.org\/{rel}","templated":true}]}}