{"id":9970,"date":"2021-06-29T20:02:42","date_gmt":"2021-06-29T23:02:42","guid":{"rendered":"http:\/\/oasisfm935.com\/site\/?p=9970"},"modified":"2021-06-29T20:04:55","modified_gmt":"2021-06-29T23:04:55","slug":"covid-19-se-detectaron-261-en-la-pampa-10-en-ingeniero-luiggi-son-28-los-casos-activos-en-la-localidad","status":"publish","type":"post","link":"https:\/\/oasisfm935.com.ar\/site\/covid-19-se-detectaron-261-en-la-pampa-10-en-ingeniero-luiggi-son-28-los-casos-activos-en-la-localidad\/","title":{"rendered":"COVID-19: Se detectaron 261 en la Pampa, 10 en Ingeniero Luiggi son 28 los casos activos en la localidad."},"content":{"rendered":"<p>El Gobierno de la provincia de La Pampa, a trav\u00e9s del Ministerio de Salud, comunic\u00f3 que en horas de la tarde del d\u00eda 29 de junio concluy\u00f3 el procesamiento de 1.255 muestras en los laboratorios de la Direcci\u00f3n de Epidemiolog\u00eda y del Establecimiento Asistencial Gobernador Centeno y Lucio Molas, como as\u00ed tambi\u00e9n en los diferentes Centros de Salud que analizan test de ant\u00edgenos, de las cuales 261 resultaron positivas para COVID-19.<\/p>\n<p>De ellas, 108 corresponden a residentes en Santa Rosa, 50 en General Pico, 10 en Ingeniero Luiggi, 8 en Toay, 8 en Victorica, 8 en General Acha, 7 en Eduardo Castex, 6 en Macach\u00edn, 5 en Realic\u00f3, 5 en Parera, 5 en Trenel, 5 en Santa Isabel, 5 en Miguel Riglos, 5 en Alpachiri, 4 en Catril\u00f3, 4 en 25 de Mayo, 4 en Colonia Bar\u00f3n, 2 en Lonquimay, 2 en Guatrach\u00e9, 2 en Rancul, 1 en Intendente Alvear, 1 en Jacinto Arauz, 1 en Ataliva Roca, 1 en General Manuel J. Campos, 1 en Dorila, 1 en General San Martin, 1 en Doblas, 1 en Villa Mirasol.<br \/>\nDe los 261\u00a0 casos confirmados en la tarde de hoy, 73 se encontraban aislados por ser considerados contactos estrechos. Debido a la rapidez del diagn\u00f3stico por ant\u00edgenos, a\u00fan se contin\u00faa desarrollando la investigaci\u00f3n epidemiol\u00f3gica de 188 casos<br \/>\nDe 1.255 muestras analizadas en toda la Provincia 987 fueron por test r\u00e1pidos y 268\u00a0 por PCR<\/p>\n<p><strong>Aclaraci\u00f3n sobre la carga de casos:<\/strong><br \/>\nExiste una diferencia de casos confirmados entre el Reporte Provincial y el Nacional ya que se asisten y notifican pacientes que viven en otras provincias\u00a0 que tienen domicilio legal (el que figura en el DNI) en la provincia de La Pampa.<br \/>\n<strong><br \/>\nB\u00fasqueda activa\u00a0<\/strong><br \/>\nLa estrategia de b\u00fasqueda activa con diagn\u00f3stico por ant\u00edgenos lleva entrevistados 111.284\u00a0 ciudadanos.<\/p>\n<p><strong>Test r\u00e1pidos<\/strong><br \/>\nSanta Rosa 373-101<br \/>\nGeneral Pico\u00a0 170-37<br \/>\nVilla Mirasol 4\/1<br \/>\nToay 61\/7<br \/>\nDoblas 1\/1<br \/>\nUriburu 21\/0<br \/>\nParera 14\/5<br \/>\nAtaliva Roca 3\/1<br \/>\nRancul 13\/2<br \/>\nJacinto Arauz 4\/0<br \/>\nMiguel Riglos 5\/5<br \/>\nBernardo Larroud\u00e9 3\/0<br \/>\nBernasconi 1\/0<br \/>\nColonia Bar\u00f3n 7\/3<br \/>\nLonquimay 18\/2<br \/>\nWinifreda 5\/0<br \/>\nTrenel 9\/5<br \/>\nMacachin 11\/5<br \/>\nIntendente Alvear 31\/1<br \/>\nAlpachiri 7\/4<br \/>\nDorila 1\/1<br \/>\nVictorica 20\/8<br \/>\nIngeniero Luiggi 17\/10<br \/>\nGeneral San Martin 3\/1<br \/>\nCatril\u00f3 38\/4<br \/>\nEmbajador Martini 4\/0<br \/>\nRealic\u00f3 26\/5<br \/>\nAlta Italia 1\/0<br \/>\nSanta Isabel 13\/5<br \/>\n25 de Mayo 24\/4<br \/>\nGeneral Acha 48\/8<br \/>\nGuatrach\u00e9 6\/1<br \/>\nGeneral Manuel J. Campos 3\/1<br \/>\nEduardo Castex 22\/7<\/p>\n<p><strong>Nuevos puestos de detecci\u00f3n COVID en Santa Rosa<\/strong><br \/>\nTotal de test: 130 hisopados<br \/>\nPositivos: 36 hisopados<br \/>\nNegativos: 94 hisopados<\/p>\n<p><strong>M\u00f3vil 1 &#8211; Domicilios<\/strong><br \/>\n2 hisopados<br \/>\n1 negativo<br \/>\n1 positivo<\/p>\n<p><strong>Puesto Ciudad Judicial<\/strong><br \/>\n34 hisopados<br \/>\n9 positivos<br \/>\n25 negativos<\/p>\n<p><strong>Puesto Terminal de \u00d3mnibus<\/strong><br \/>\n94 hisopados<br \/>\n26\u00a0 positivos<br \/>\n68 negativos<\/p>\n<p><strong>Situaci\u00f3n provincial\u00a0<\/strong><br \/>\nDesde el inicio de la pandemia, en la Provincia, se registraron un total de 52.828 casos positivos para COVID-19, de los cuales 2.802\u00a0 permanecen activos, 716 han fallecido y 49.310\u00a0 se han recuperado, 221 en el d\u00eda de hoy.<br \/>\nLos casos confirmados activos pertenecen a las siguientes localidades:<br \/>\n927 en Santa Rosa, 506 en General Pico, 168 en Toay, 116 en Eduardo Castex, 88 en Victorica, 87 en General Acha, 75 en Catril\u00f3, 64 en 25 de Mayo, 50 en Macach\u00edn, 44 en Realic\u00f3, 44 en Colonia Bar\u00f3n, 41 en Parera, 39 en Trenel, 38 en Lonquimay, 37 en Tel\u00e9n, 34 en Santa Isabel, 33 en Miguel Riglos, 32 en Intendente Alvear, 30 en La Adela, 28 en Ingeniero Luiggi, 28 en Jacinto Arauz, 23 en Quem\u00fa Quem\u00fa, 20 en Guatrach\u00e9, 18 en Bernardo Larroud\u00e9, 17 en Ataliva Roca, 16 en Luan Toro, 15 en Alpachiri, 15 en Anguil, 14 en General Manuel J. Campos, 12 en Conhello, 12 en Mauricio Mayer, 11 en Rancul, 11 en Speluzzi, 10 en Arata, 9 en Winifreda, 7 en Embajador Martini, 7 en Limay Mahuida, 6 en Dorila, 6 en La Maruja, 6 en Quetrequ\u00e9n, 5 en General San Martin, 5 en Abramo, 4 en Bernasconi, 4 en Caleuf\u00fa, 4 en La Humada, 4 en Cereales, 4 en Puel\u00e9n, 3 en Doblas, 3 en Uriburu, 3 en Tom\u00e1s M. de Anchorena, 3 en Puelches, 3 en Coronel Hilario Lagos, 2 en La Reforma, 2 en Colonia Santa Teresa, 2 en Miguel Can\u00e9, 2 en Monte Nievas, 1 en Alta Italia, 1 en Villa Mirasol,\u00a0 1 en V\u00e9rtiz, 1 en Chacharramendi, 1 en Gobernador Duval.<br \/>\nAl d\u00eda de la fecha se encuentran aisladas un total de 6.297 personas en toda la Provincia.<\/p>\n<p><strong>Personas internadas\u00a0<\/strong><br \/>\nSe encuentran internadas 146 personas confirmadas para COVID-19. En General Pico 18 personas internadas, de ellas 8 en modulares y 10 en terapia intensiva. En (CEAR-Modulares) de Santa Rosa se encuentran internadas 37 personas, de ellas 16 en UTI CEAR, 12\u00a0 en cl\u00ednica m\u00e9dica y 9 modular. En cl\u00ednica m\u00e9dica del subsector privado 8 pacientes. En UTI 1 se encuentran 6 pacientes internados. En UTI 2 se encuentran internados 6 pacientes. En\u00a0 UTI 3, 9 pacientes internados. En UTI del subsector privado 6 pacientes. En el Hospital Evita 10 internados en cl\u00ednica m\u00e9dica. Y en el interior de la Pprovincia se encuentran internados en cl\u00ednica m\u00e9dica:<br \/>\nHospital de General Acha: 2 internados<br \/>\nHospital de 25 de Mayo: 1 internado<br \/>\nHospital de Doblas: 1 internado<br \/>\nHospital de Eduardo Castex: 4 internados<br \/>\nHospital de Bernasconi: 1 internado<br \/>\nHospital de Santa Isabel: 1 internado<br \/>\nHospital de Toay: 3 internados<br \/>\nHospital de Victorica: 4 internados.<br \/>\nHospital de Realic\u00f3: 2 internados<br \/>\nHospital de Parera: 1 internado<br \/>\nHospital de Colonia Bar\u00f3n: 5 internados.<br \/>\nHospital de Trenel: 3 internados<br \/>\nHospital de Rancul: 3 internados<br \/>\nHospital de Intendente Alvear: 2 internados<br \/>\nHospital de Quem\u00fa Quem\u00fa: 2 internados<br \/>\nHospital de Macach\u00edn: 2 internados<br \/>\nHospital de Jacinto Arauz: 2 internados<br \/>\nHospital de Miguel Riglos: 1 internado<br \/>\nHospital de Catril\u00f3: 5 internados<br \/>\nHospital de Rol\u00f3n: 1 internado<\/p>\n<p><strong>Ocupaci\u00f3n de camas UTI:\u00a0<\/strong><br \/>\nAl d\u00eda de la fecha\u00a0 la provincia de La Pampa cuenta con 139 Unidades de Terapia.<br \/>\n&#8211; 83 UTI adultos COVID-19, de las cuales 53 se encuentran ocupadas<br \/>\n&#8211; 56 UTI no COVID-19, de las cuales 42 se encuentran ocupadas<br \/>\nEl porcentaje de ocupaci\u00f3n de camas de terapia intensiva en la Provincia es del\u00a0 68.34 %, corte de la informaci\u00f3n realizado a las 18.<\/p>\n<p><strong>Fallecidos<\/strong><br \/>\nHasta el momento del cierre del parte diario se informaron 2 fallecimientos<br \/>\n&#8211; Persona residente en Toay, sexo femenino, 41 a\u00f1os.<br \/>\n&#8211; Persona residente en Eduardo Castex, sexo masculino, 54 a\u00f1os.<\/p>\n<div class=\"oasis-despues-del-contenido\" id=\"oasis-1230843629\"><img loading=\"lazy\" decoding=\"async\" src=\"https:\/\/oasisfm935.com.ar\/site\/wp-content\/uploads\/2020\/08\/47806202-8741-49f2-a5c9-d2f930e5baa1.jpg\" alt=\"\"  srcset=\"https:\/\/oasisfm935.com.ar\/site\/wp-content\/uploads\/2020\/08\/47806202-8741-49f2-a5c9-d2f930e5baa1.jpg 1080w, https:\/\/oasisfm935.com.ar\/site\/wp-content\/uploads\/2020\/08\/47806202-8741-49f2-a5c9-d2f930e5baa1-300x300.jpg 300w, https:\/\/oasisfm935.com.ar\/site\/wp-content\/uploads\/2020\/08\/47806202-8741-49f2-a5c9-d2f930e5baa1-1024x1024.jpg 1024w, https:\/\/oasisfm935.com.ar\/site\/wp-content\/uploads\/2020\/08\/47806202-8741-49f2-a5c9-d2f930e5baa1-150x150.jpg 150w, https:\/\/oasisfm935.com.ar\/site\/wp-content\/uploads\/2020\/08\/47806202-8741-49f2-a5c9-d2f930e5baa1-768x768.jpg 768w\" sizes=\"(max-width: 1080px) 100vw, 1080px\" class=\"no-lazyload\" width=\"1080\" height=\"1080\"  style=\"display: inline-block;\" \/><\/div>","protected":false},"excerpt":{"rendered":"<p>El Gobierno de la provincia de La Pampa, a trav\u00e9s del Ministerio de Salud, comunic\u00f3 que en horas de la tarde del<\/p>\n","protected":false},"author":4,"featured_media":9931,"comment_status":"closed","ping_status":"open","sticky":false,"template":"","format":"standard","meta":{"colormag_page_layout":"default_layout","footnotes":""},"categories":[2],"tags":[],"class_list":["post-9970","post","type-post","status-publish","format-standard","has-post-thumbnail","hentry","category-noticias"],"_links":{"self":[{"href":"https:\/\/oasisfm935.com.ar\/site\/wp-json\/wp\/v2\/posts\/9970","targetHints":{"allow":["GET"]}}],"collection":[{"href":"https:\/\/oasisfm935.com.ar\/site\/wp-json\/wp\/v2\/posts"}],"about":[{"href":"https:\/\/oasisfm935.com.ar\/site\/wp-json\/wp\/v2\/types\/post"}],"author":[{"embeddable":true,"href":"https:\/\/oasisfm935.com.ar\/site\/wp-json\/wp\/v2\/users\/4"}],"replies":[{"embeddable":true,"href":"https:\/\/oasisfm935.com.ar\/site\/wp-json\/wp\/v2\/comments?post=9970"}],"version-history":[{"count":1,"href":"https:\/\/oasisfm935.com.ar\/site\/wp-json\/wp\/v2\/posts\/9970\/revisions"}],"predecessor-version":[{"id":9975,"href":"https:\/\/oasisfm935.com.ar\/site\/wp-json\/wp\/v2\/posts\/9970\/revisions\/9975"}],"wp:featuredmedia":[{"embeddable":true,"href":"https:\/\/oasisfm935.com.ar\/site\/wp-json\/wp\/v2\/media\/9931"}],"wp:attachment":[{"href":"https:\/\/oasisfm935.com.ar\/site\/wp-json\/wp\/v2\/media?parent=9970"}],"wp:term":[{"taxonomy":"category","embeddable":true,"href":"https:\/\/oasisfm935.com.ar\/site\/wp-json\/wp\/v2\/categories?post=9970"},{"taxonomy":"post_tag","embeddable":true,"href":"https:\/\/oasisfm935.com.ar\/site\/wp-json\/wp\/v2\/tags?post=9970"}],"curies":[{"name":"wp","href":"https:\/\/api.w.org\/{rel}","templated":true}]}}