{"id":9978,"date":"2021-06-30T20:15:02","date_gmt":"2021-06-30T23:15:02","guid":{"rendered":"http:\/\/oasisfm935.com\/site\/?p=9978"},"modified":"2021-07-05T20:01:57","modified_gmt":"2021-07-05T23:01:57","slug":"covid-19-se-detectaron-276-casos-en-la-pampa-5-en-ingeniero-luiggi-31-los-casos-activos-en-la-localidad","status":"publish","type":"post","link":"https:\/\/oasisfm935.com.ar\/site\/covid-19-se-detectaron-276-casos-en-la-pampa-5-en-ingeniero-luiggi-31-los-casos-activos-en-la-localidad\/","title":{"rendered":"COVID-19: Se detectaron 276 casos en La Pampa, 5 en Ingeniero Luiggi 31 los casos activos en la localidad."},"content":{"rendered":"<p>El Gobierno de la provincia de La Pampa, a trav\u00e9s del Ministerio de Salud, comunic\u00f3 que en horas de la tarde del d\u00eda 30 de junio concluy\u00f3 el procesamiento de 1.225 muestras en los laboratorios de la Direcci\u00f3n de Epidemiolog\u00eda y del Establecimiento Asistencial Gobernador Centeno y Lucio Molas, como as\u00ed tambi\u00e9n en los diferentes Centros de Salud que analizan test de ant\u00edgenos, de las cuales 276 resultaron positivas para COVID-19.<\/p>\n<p>De ellas, 100 corresponden a residentes en Santa Rosa, 45 en General Pico, 19 en Toay, 16 en General Acha, 15 en Eduardo Castex, 10 en Victorica, 9 en Trenel, 6 en Macach\u00edn, 6 en Parera, 5 en Tel\u00e9n, 5 en Ingeniero Luiggi, 5 en Quem\u00fa Quem\u00fa, 5 en Luan Toro, 4 en Caleuf\u00fa, 3 en 25 de Mayo, 3 en Intendente Alvear, 3 en Santa Isabel, 3 en Anguil, 2 en Catril\u00f3, 2 en Realic\u00f3, 2 en Relmo, 1 en Colonia Bar\u00f3n, 1 en Alpachiri, 1 en Ataliva Roca, 1 en Embajador Martini, 1 en Doblas, 1 en Vertiz, 1 en Chacharramendi, 1 en Metileo.<br \/>\nDe los 276 casos confirmados en la tarde de hoy, 75 se encontraban aislados por ser considerados contactos estrechos. Debido a la rapidez del diagn\u00f3stico por ant\u00edgenos, se contin\u00faa desarrollando la investigaci\u00f3n epidemiol\u00f3gica de 201 casos.<br \/>\nDe 1.225 muestras analizadas en toda la Provincia 974 fueron por test r\u00e1pidos y 251 por PCR.<\/p>\n<p>Aclaraci\u00f3n sobre la carga de casos:<br \/>\nEs importante aclarar que existe una diferencia de casos confirmados entre el Reporte Provincial y el Nacional ya que se asisten y notifican pacientes que viven en otras provincias que tienen domicilio legal (el que figura en el DNI) en la provincia de La Pampa.<\/p>\n<p>B\u00fasqueda activa:<br \/>\nLa estrategia de b\u00fasqueda activa con diagn\u00f3stico por ant\u00edgenos lleva entrevistados 112.258 ciudadanos.<\/p>\n<p>Test r\u00e1pidos<br \/>\nSanta Rosa: 337-95<br \/>\nGeneral Pico 177-39<br \/>\nToay 27-17<br \/>\nTel\u00e9n 16-5<br \/>\nQuem\u00fa Quem\u00fa 10-5<br \/>\nChacharramendi 1-1<br \/>\nDoblas 1-1<br \/>\nAtaliva Roca 3-1<br \/>\nRancul 5-0<br \/>\nParera 10-4<br \/>\nEmbajador Martini 2-1<br \/>\nRucanelo 2-0<br \/>\nConhello 1-0<br \/>\nLuan Toro 12-5<br \/>\nJacinto Ar\u00e1uz 16-0<br \/>\nMauricio Mayer 1-0<br \/>\nGeneral Acha 74-16<br \/>\nMiguel Riglos 3-0<br \/>\nWinifreda 6-0<br \/>\nVictorica 26-6<br \/>\nMacach\u00edn 12-6<br \/>\nAnguil 4-3<br \/>\nIntendente Alvear 10-3<br \/>\nGeneral San Mart\u00edn 1-0<br \/>\nCaleuf\u00fa 6-4<br \/>\nTrenel 16-9<br \/>\nTom\u00e1s M. de Anchorena 2-0<br \/>\nColonia Bar\u00f3n 9-1<br \/>\nIngeniero Luiggi 41-5<br \/>\nAtaliva Roca 3-0<br \/>\nRelmo 2-2<br \/>\nSanta Isabel 11-2<br \/>\nArata 1-0<br \/>\n25 de Mayo 30-3<br \/>\nGeneral Manuel J. Campos 1-0<br \/>\nGuatrach\u00e9 3-0<br \/>\nAlpachiri 4-1<br \/>\nEduardo Castex 31-15<br \/>\nRealic\u00f3 57-2<\/p>\n<p>Nuevos puestos de detecci\u00f3n COVID en Santa Rosa:<br \/>\nTotal de test: 92 hisopados<br \/>\nPositivos: 15 hisopados<br \/>\nNegativos: 77 hisopados<\/p>\n<p>Puesto Ciudad Judicial<br \/>\n17 hisopados<br \/>\n2 positivos<br \/>\n15 negativos<\/p>\n<p>Puesto Terminal de \u00d3mnibus<br \/>\n75 hisopados<br \/>\n13 positivos<br \/>\n62 negativos<\/p>\n<p>Situaci\u00f3n provincial<br \/>\nDesde el inicio de la pandemia, en la Provincia, se registraron un total de 53.104 casos positivos para COVID-19, de los cuales 2.900 permanecen activos, 718 fallecieron y 49.486 se recuperaron, 176 en el d\u00eda de hoy.<br \/>\nLos casos confirmados activos pertenecen a las siguientes localidades:<br \/>\n969 en Santa Rosa, 500 en General Pico, 181 en Toay, 125 en Eduardo Castex, 98 en Victorica, 91 en General Acha, 74 en Catril\u00f3, 62 en 25 de Mayo, 50 en Macach\u00edn, 47 en Trenel, 45 en Colonia Bar\u00f3n, 44 en Parera, 42 en Realic\u00f3, 42 en Tel\u00e9n, 38 en Lonquimay, 33 en Miguel Riglos, 32 en Intendente Alvear, 31 en Santa Isabel, 31 en Ingeniero Luiggi, 30 en La Adela, 28 en Jacinto Arauz, 28 en Quem\u00fa Quem\u00fa, 21 en Luan Toro, 18 en Bernardo Larroud\u00e9, 16 en Guatrach\u00e9, 16 en Alpachiri, 16 en Anguil, 15 en Ataliva Roca, 14 en General Manuel J. Campos, 12 en Mauricio Mayer, 12 en Conhello, 11 en Speluzzi, 11 en Rancul, 9 en Arata, 9 en Winifreda, 8 en Embajador Martini, 8 en Caleuf\u00fa, 7 en Limay Mahuida, 6 en La Maruja, 6 en Dorila, 6 en Quetrequ\u00e9n, 5 en General San Martin, 5 en Abramo, 4 en Bernasconi, 4 en La Humada, 4 en Cereales, 4 en Puel\u00e9n, 4 en Doblas, 3 en Uriburu, 3 en Tom\u00e1s M. de Anchorena, 3 en Puelches, 2 en Colonia Santa Teresa, 2 en La Reforma, 2 en Miguel Can\u00e9, 2 en Monte Nievas, 2 en V\u00e9rtiz, 2 en Chacharramendi, 2 en Relmo, 1 en Coronel Hilario Lagos, 1 en Alta Italia, 1 en Gobernador Duval , 1 en Villa Mirasol, 1 en Metileo.<br \/>\nAl d\u00eda de la fecha se encuentran aisladas un total de 6.381 personas en toda la Provincia.<\/p>\n<p>Personas internadas<br \/>\nSe encuentran internadas 154 personas confirmadas para COVID-19. En General Pico 14 personas internadas, de ellos 7 en modulares y 7 en terapia intensiva. En (CEAR-Modulares) de Santa Rosa se encuentran internadas 40 personas, de ellas 14 en UTI CEAR, 10 en cl\u00ednica m\u00e9dica y 16 modular. En cl\u00ednica m\u00e9dica de subsector privado 9 pacientes. En UTI 1 se encuentran 6 pacientes internados. En UTI 2 se encuentran internados 6 pacientes. En UTI 3, 10 pacientes internados.. En UTI del subsector privado 6 pacientes. En el Hospital Evita 9 internados en cl\u00ednica m\u00e9dica. Y en el interior de la Provincia se encuentran internados en cl\u00ednica m\u00e9dica:<br \/>\nHospital de General Acha: 1 internado<br \/>\nHospital de 25 de Mayo: 1 internado<br \/>\nHospital de Doblas: 1 internado<br \/>\nHospital de Eduardo Castex: 7 internados<br \/>\nHospital de Bernasconi: 1 internado<br \/>\nHospital de Santa Isabel: 1 internado<br \/>\nHospital de Toay: 4 internados<br \/>\nHospital de Victorica: 4 internados.<br \/>\nHospital de Realic\u00f3: 4 internados<br \/>\nHospital de Parera: 2 internados<br \/>\nHospital de Colonia Bar\u00f3n: 5 internados.<br \/>\nHospital de Trenel: 3 internados<br \/>\nHospital de Rancul: 3 internados<br \/>\nHospital de Intendente Alvear: 2 internados<br \/>\nHospital de Quem\u00fa Quem\u00fa: 2 internados<br \/>\nHospital de Macach\u00edn: 2 internados<br \/>\nHospital de Jacinto Arauz: 2 internados<br \/>\nHospital de Tel\u00e9n: 1 internado<br \/>\nHospital de Miguel Riglos: 1 internado<br \/>\nHospital de Catril\u00f3: 6 internados<br \/>\nHospital de Rol\u00f3n: 1 internado<\/p>\n<p>Ocupaci\u00f3n de camas UTI:<br \/>\nAl d\u00eda de la fecha la provincia de La Pampa cuenta con 139 unidades de terapia.<br \/>\n&#8211; 83 UTI adultos COVID-19, de las cuales 49 se encuentran ocupadas<br \/>\n&#8211; 56 UTI no COVID-19, de las cuales 43 se encuentran ocupadas<br \/>\nEl porcentaje de ocupaci\u00f3n de camas de terapia intensiva en la Provincia es del 66.18 %, (corte de la informaci\u00f3n realizado a las 18)<\/p>\n<p>Fallecidos<br \/>\nHasta el momento del cierre del parte diario se inform\u00f3 2 fallecimientos<br \/>\n&#8211; Persona residente en General Pico, sexo femenino, 29 a\u00f1os.<br \/>\n&#8211; Persona residente en Eduardo Castex, sexo masculino, 37 a\u00f1os.<\/p>\n<div class=\"oasis-despues-del-contenido\" id=\"oasis-1391405626\"><img loading=\"lazy\" decoding=\"async\" src=\"https:\/\/oasisfm935.com.ar\/site\/wp-content\/uploads\/2020\/08\/47806202-8741-49f2-a5c9-d2f930e5baa1.jpg\" alt=\"\"  srcset=\"https:\/\/oasisfm935.com.ar\/site\/wp-content\/uploads\/2020\/08\/47806202-8741-49f2-a5c9-d2f930e5baa1.jpg 1080w, https:\/\/oasisfm935.com.ar\/site\/wp-content\/uploads\/2020\/08\/47806202-8741-49f2-a5c9-d2f930e5baa1-300x300.jpg 300w, https:\/\/oasisfm935.com.ar\/site\/wp-content\/uploads\/2020\/08\/47806202-8741-49f2-a5c9-d2f930e5baa1-1024x1024.jpg 1024w, https:\/\/oasisfm935.com.ar\/site\/wp-content\/uploads\/2020\/08\/47806202-8741-49f2-a5c9-d2f930e5baa1-150x150.jpg 150w, https:\/\/oasisfm935.com.ar\/site\/wp-content\/uploads\/2020\/08\/47806202-8741-49f2-a5c9-d2f930e5baa1-768x768.jpg 768w\" sizes=\"(max-width: 1080px) 100vw, 1080px\" class=\"no-lazyload\" width=\"1080\" height=\"1080\"  style=\"display: inline-block;\" \/><\/div>","protected":false},"excerpt":{"rendered":"<p>El Gobierno de la provincia de La Pampa, a trav\u00e9s del Ministerio de Salud, comunic\u00f3 que en horas de la tarde del<\/p>\n","protected":false},"author":4,"featured_media":0,"comment_status":"closed","ping_status":"open","sticky":false,"template":"","format":"standard","meta":{"colormag_page_layout":"default_layout","footnotes":""},"categories":[2],"tags":[],"class_list":["post-9978","post","type-post","status-publish","format-standard","hentry","category-noticias"],"_links":{"self":[{"href":"https:\/\/oasisfm935.com.ar\/site\/wp-json\/wp\/v2\/posts\/9978","targetHints":{"allow":["GET"]}}],"collection":[{"href":"https:\/\/oasisfm935.com.ar\/site\/wp-json\/wp\/v2\/posts"}],"about":[{"href":"https:\/\/oasisfm935.com.ar\/site\/wp-json\/wp\/v2\/types\/post"}],"author":[{"embeddable":true,"href":"https:\/\/oasisfm935.com.ar\/site\/wp-json\/wp\/v2\/users\/4"}],"replies":[{"embeddable":true,"href":"https:\/\/oasisfm935.com.ar\/site\/wp-json\/wp\/v2\/comments?post=9978"}],"version-history":[{"count":1,"href":"https:\/\/oasisfm935.com.ar\/site\/wp-json\/wp\/v2\/posts\/9978\/revisions"}],"predecessor-version":[{"id":9979,"href":"https:\/\/oasisfm935.com.ar\/site\/wp-json\/wp\/v2\/posts\/9978\/revisions\/9979"}],"wp:attachment":[{"href":"https:\/\/oasisfm935.com.ar\/site\/wp-json\/wp\/v2\/media?parent=9978"}],"wp:term":[{"taxonomy":"category","embeddable":true,"href":"https:\/\/oasisfm935.com.ar\/site\/wp-json\/wp\/v2\/categories?post=9978"},{"taxonomy":"post_tag","embeddable":true,"href":"https:\/\/oasisfm935.com.ar\/site\/wp-json\/wp\/v2\/tags?post=9978"}],"curies":[{"name":"wp","href":"https:\/\/api.w.org\/{rel}","templated":true}]}}